{"id":8759,"date":"2023-11-16T16:19:12","date_gmt":"2023-11-16T21:19:12","guid":{"rendered":"https:\/\/pretecor.com\/?post_type=noticias&#038;p=8759"},"modified":"2023-11-16T17:31:42","modified_gmt":"2023-11-16T22:31:42","slug":"pretecor-destaca-en-la-feria-fise-innovacion-para-ciudades-inteligentes","status":"publish","type":"noticias","link":"https:\/\/pretecor.com\/en\/noticias\/pretecor-destaca-en-la-feria-fise-innovacion-para-ciudades-inteligentes\/","title":{"rendered":"Pretecor se destac\u00f3 en la Feria FISE: Innovaci\u00f3n para Ciudades Inteligentes"},"content":{"rendered":"<p><\/p>\n\n\n\n<figure class=\"wp-block-gallery has-nested-images columns-default is-cropped wp-block-gallery-1 is-layout-flex wp-block-gallery-is-layout-flex\"><figcaption class=\"blocks-gallery-caption\">Equipo Pretecor, feria FISE 2023<\/figcaption><\/figure>\n\n\n\n<p class=\"has-medium-font-size\" style=\"font-style:normal;font-weight:300\">La participaci\u00f3n de Pretecor en la Feria FISE, el evento l\u00edder en el sector el\u00e9ctrico, ha superado todas las expectativas. Nuestro stand se ha convertido en el epicentro de la innovaci\u00f3n para ciudades inteligentes, atrayendo a visitantes \u00e1vidos de conocer las \u00faltimas tendencias en desarrollo de productos. Desde postes inteligentes hasta soluciones en fibra de vidrio, los asistentes han tenido la oportunidad de sumergirse en la visi\u00f3n futurista de Pretecor para la infraestructura urbana.<\/p>\n\n\n\n<p class=\"has-medium-font-size\"><em><strong>Conectividad e Inteligencia para el futuro urbano<\/strong><\/em><\/p>\n\n\n\n<p class=\"has-medium-font-size\" style=\"font-style:normal;font-weight:300\">Pretecor est\u00e1 marcando la pauta para el futuro de las ciudades inteligentes. Nuestras soluciones van m\u00e1s all\u00e1 de la tecnolog\u00eda; representan un compromiso tangible con un urbanismo sostenible y eficiente. Desde postes inteligentes que mejoran la eficiencia energ\u00e9tica hasta productos en fibra de vidrio dise\u00f1ados para resistir las condiciones m\u00e1s exigentes, Pretecor est\u00e1 liderando el camino hacia un futuro urbano m\u00e1s inteligente y conectado. Invitamos a todos a descubrir c\u00f3mo nuestras innovaciones est\u00e1n contribuyendo a la creaci\u00f3n de ciudades que buscan un futuro verdaderamente inteligente y sostenible.<\/p>","protected":false},"excerpt":{"rendered":"<p>La participaci\u00f3n de Pretecor en la Feria FISE, el evento l\u00edder en el sector el\u00e9ctrico, ha superado todas las expectativas. Nuestro stand se ha convertido en el epicentro de la innovaci\u00f3n para ciudades inteligentes, atrayendo a visitantes \u00e1vidos de conocer las \u00faltimas tendencias en desarrollo de productos. Desde postes inteligentes hasta soluciones en fibra de &hellip;<\/p>\n<p class=\"read-more\"> <a class=\"\" href=\"https:\/\/pretecor.com\/en\/noticias\/pretecor-destaca-en-la-feria-fise-innovacion-para-ciudades-inteligentes\/\"> <span class=\"screen-reader-text\">Pretecor se destac\u00f3 en la Feria FISE: Innovaci\u00f3n para Ciudades Inteligentes<\/span> Read More &raquo;<\/a><\/p>","protected":false},"author":1,"featured_media":8766,"template":"","meta":{"om_disable_all_campaigns":false,"_monsterinsights_skip_tracking":false,"_monsterinsights_sitenote_active":false,"_monsterinsights_sitenote_note":"","_monsterinsights_sitenote_category":0,"site-sidebar-layout":"default","site-content-layout":"default","ast-main-header-display":"","ast-hfb-above-header-display":"","ast-hfb-below-header-display":"","ast-hfb-mobile-header-display":"","site-post-title":"","ast-breadcrumbs-content":"","ast-featured-img":"","footer-sml-layout":"","theme-transparent-header-meta":"","adv-header-id-meta":"","stick-header-meta":"","header-above-stick-meta":"","header-main-stick-meta":"","header-below-stick-meta":""},"class_list":["post-8759","noticias","type-noticias","status-publish","has-post-thumbnail","hentry"],"acf":[],"aioseo_notices":[],"_links":{"self":[{"href":"https:\/\/pretecor.com\/en\/wp-json\/wp\/v2\/noticias\/8759","targetHints":{"allow":["GET"]}}],"collection":[{"href":"https:\/\/pretecor.com\/en\/wp-json\/wp\/v2\/noticias"}],"about":[{"href":"https:\/\/pretecor.com\/en\/wp-json\/wp\/v2\/types\/noticias"}],"author":[{"embeddable":true,"href":"https:\/\/pretecor.com\/en\/wp-json\/wp\/v2\/users\/1"}],"wp:featuredmedia":[{"embeddable":true,"href":"https:\/\/pretecor.com\/en\/wp-json\/wp\/v2\/media\/8766"}],"wp:attachment":[{"href":"https:\/\/pretecor.com\/en\/wp-json\/wp\/v2\/media?parent=8759"}],"curies":[{"name":"wp","href":"https:\/\/api.w.org\/{rel}","templated":true}]}}